{"id":2246,"date":"2025-02-06T23:41:00","date_gmt":"2025-02-06T22:41:00","guid":{"rendered":"https:\/\/blog.sachathomet.ch\/?p=2246"},"modified":"2025-02-12T08:42:53","modified_gmt":"2025-02-12T07:42:53","slug":"von-der-onpremises-vdi-zur-cloud-vdi-was-darf-es-denn-sein","status":"publish","type":"post","link":"https:\/\/blog.sachathomet.ch\/de\/2025\/02\/06\/von-der-onpremises-vdi-zur-cloud-vdi-was-darf-es-denn-sein\/","title":{"rendered":"Von der OnPremises VDI zur Cloud VDI, was darf es denn sein?\u00a0Ein Schnellstart zu den unterschiedlichen VDIs in der Azure Cloud"},"content":{"rendered":"\n<p><strong>Aktuell stellt sich f\u00fcr immer mehr Firmen die Frage, ob sie weiterhin traditionell ihre VDI on\u2011premises zur Verf\u00fcgung stellen oder ob diese zuk\u00fcnftig aus der Cloud bereitgestellt werden sollten.<\/strong><br>Die EUC\u2011Welt ist im Umbruch, und es gibt heute weit mehr ernstzunehmende Alternativen als nur ein oder zwei grosse, etablierte Hersteller. Oder vielleicht ist das auch meine pers\u00f6nliche Meinung, nachdem ich ein bisschen aus meiner Bubble herausgekommen bin \u2013 aber ich denke, es gibt neue Bed\u00fcrfnisse, und der Markt versucht nun, diese abzudecken.<\/p>\n\n\n<div class=\"wp-block-image\">\n<figure class=\"alignleft size-full\"><img loading=\"lazy\" decoding=\"async\" width=\"300\" height=\"400\" src=\"https:\/\/blog.sachathomet.ch\/wp-content\/uploads\/2025\/02\/IMG_2494.png\" alt=\"\" class=\"wp-image-2314\" srcset=\"https:\/\/blog.sachathomet.ch\/wp-content\/uploads\/2025\/02\/IMG_2494.png 300w, https:\/\/blog.sachathomet.ch\/wp-content\/uploads\/2025\/02\/IMG_2494-225x300.png 225w\" sizes=\"auto, (max-width: 300px) 100vw, 300px\" \/><\/figure>\n<\/div>\n\n\n<p>Ich bin ein jahrelanger &#8222;Citrix\u2011Tech-Evangelist&#8220; und auch heute noch absolut von deren Technologie \u00fcberzeugt. F\u00fcr mich steht fest, dass Citrix als Unternehmen die leistungsst\u00e4rksten Applikations- und Desktopvirtualisierungen entwickelt hat. Dennoch holt die Konkurrenz auf, und es muss nicht f\u00fcr jeden Kunden das Nonplus-ultra sein. Die Firma, bei der ich t\u00e4tig bin, setzt nach und nach mehr auf Microsoft und verfolgt seit Jahren eine Cloud\u2011Strategie.<br>So ist es naheliegend, dass die Option, on\u2011premises VDIs durch eine Microsoft Azure VDI\u2011L\u00f6sung zu ersetzen, in Betracht gezogen werden muss.<\/p>\n\n\n\n<p>Unter den Leser dieser Seite gibt es eventuell auch welche die bereits mal in den letzten zwei Jahren in den Genuss kamen, den Vortrag von Fabian Tschanz, Stefan Moser und mir an einem der Events (z.\u202fB. am Workplace Ninja Summit oder an der E2EVC) zu h\u00f6ren \u2013 wissen, dass wir f\u00fcr unsere Entwickler bereits auf \u201egr\u00fcner Wiese\u201c mit Microsoft AVD Single Session als Entwickler\u2011VDI ein Projekt durchgef\u00fchrt haben.<br>Nun ist die Welt einfach, wenn man auf gr\u00fcner Wiese startet; muss man jedoch Bestehendes abl\u00f6sen, gestaltet sich das aufgrund der bestehenden und teils ungenannten Requirements als schwierig. Manchmal wird eine L\u00f6sung f\u00fcr einen Zweck gebaut und dann f\u00fcr etwas anderes genutzt \u2013 etwas, das die Plattformentwickler nicht auf dem Radar hatten \u2013 sodass sie bei einer Migration verloren geht. Also muss auch hier noch einmal Requirements Engineering betrieben werden.<\/p>\n\n\n\n<p>Windows 365 Frontline und\/oder AVD Multi\u2011Session. Und was ist Windows 365 Frontline im Shared Mode?<\/p>\n\n\n\n<p class=\"has-text-align-left\">Wir wollen also als N\u00e4chstes die Use Cases abdecken:<\/p>\n\n\n\n<ul class=\"wp-block-list\">\n<li>dedizierte VDI f\u00fcr Power User mit speziellen Bed\u00fcrfnissen (meistens ohne Firmenger\u00e4t) und<\/li>\n\n\n\n<li>die Nutzer der gepoolten VDIs, die die VDI gelegentlich nutzen und eventuell auch ein Firmenger\u00e4t haben.<\/li>\n<\/ul>\n\n\n\n<p class=\"has-text-align-left\"><strong>Nun bietet Microsoft viele L\u00f6sungen, und es kommen immer noch neue Flavors dazu. Was ist denn nun das Richtige?<\/strong><\/p>\n\n\n<div class=\"wp-block-image\">\n<figure class=\"alignright size-full\"><img loading=\"lazy\" decoding=\"async\" width=\"400\" height=\"321\" src=\"https:\/\/blog.sachathomet.ch\/wp-content\/uploads\/2025\/02\/PizzaAsAService.png\" alt=\"\" class=\"wp-image-2322\" style=\"object-fit:cover\" srcset=\"https:\/\/blog.sachathomet.ch\/wp-content\/uploads\/2025\/02\/PizzaAsAService.png 400w, https:\/\/blog.sachathomet.ch\/wp-content\/uploads\/2025\/02\/PizzaAsAService-300x241.png 300w\" sizes=\"auto, (max-width: 400px) 100vw, 400px\" \/><\/figure>\n<\/div>\n\n\n<p class=\"has-text-align-left\"><br>Windows 365? Microsoft Azure Virtual Desktop? Ach, damit noch nicht genug \u2013 es gibt noch Also, ich versuche das mal ein bisschen auseinanderzunehmen. Als ich jemandem On\u2011Prem, IaaS, PaaS und SaaS erkl\u00e4ren musste, half mir jeweils das <strong>Pizza\u2011Modell<\/strong> (siehe Bild rechts), das Albert Barron, Global Principal Architect, Financial Services bei Google, in einem <a href=\"https:\/\/www.linkedin.com\/pulse\/20140730172610-9679881-pizza-as-a-service\/\" target=\"_blank\" rel=\"noreferrer noopener\">LinkedIn\u2011Post von 2014<\/a> erkl\u00e4rt hat.<\/p>\n\n\n\n<p>Ich m\u00f6chte nicht behaupten, so clever und gut im Erkl\u00e4ren zu sein wie Barron, aber ich versuche, die Microsoft Azure VDIs \u2013 also alles, was oben aufgez\u00e4hlt wurde \u2013 ein bisschen aufzuteilen. Meiner Meinung nach handelt es sich dabei um verschiedene Mixturen aus PaaS und SaaS.<br><\/p>\n\n\n\n<h4 class=\"wp-block-heading\"><br><strong>Windows 365 (Cloud PC)<\/strong><\/h4>\n\n\n\n<ul class=\"wp-block-list\">\n<li>Vollst\u00e4ndiger, persistenter Cloud\u2011PC f\u00fcr jeden Nutzer<\/li>\n\n\n\n<li>Feste Zuweisung von Ressourcen (dedizierte VM)<\/li>\n\n\n\n<li>Integriert mit Microsoft Endpoint Manager (Intune) f\u00fcr Verwaltung<\/li>\n\n\n\n<li>Einfache Einrichtung ohne komplexe Infrastruktur<\/li>\n<\/ul>\n\n\n\n<p>\ud83c\udf55<em>Im <strong>Pizza\u2011Modell <\/strong>w\u00fcrde ich sagen: Das ist wie ausw\u00e4rts essen in einem Restaurant, das immer Platz f\u00fcr mich hat \u2013 am <strong>f\u00fcr mich dedizierten Tisch <\/strong>steht mein Name. Ich kann die Pizzen aus der Speisekarte in definierten grossen Gr\u00f6ssen w\u00e4hlen. Wenn ich ein Rezept liefere, wird auch diese Pizza f\u00fcr mich nach meinen W\u00fcnschen belegt und gebacken.<\/em><br><br><\/p>\n\n\n\n<h4 class=\"wp-block-heading\"><strong>Windows 365 Frontline (Dedicated<\/strong>)<\/h4>\n\n\n\n<ul class=\"wp-block-list\">\n<li>Speziell f\u00fcr Schichtarbeiter oder f\u00fcr geteilte Nutzung konzipiert<\/li>\n\n\n\n<li>Jeder Benutzer hat eine dedizierte VM, die nur w\u00e4hrend der Arbeitszeit genutzt wird<\/li>\n\n\n\n<li>Lizenzierung auf Basis gleichzeitiger Nutzung (nicht pro Benutzer)<\/li>\n\n\n\n<li>Automatisches Herunterfahren ausserhalb der Schichtzeiten, um Kosten zu sparen<\/li>\n<\/ul>\n\n\n\n<p><\/p>\n\n\n\n<p>\ud83c\udf55<em>Im <strong>Pizza\u2011Modell <\/strong>w\u00fcrde ich sagen: Das ist wie ausw\u00e4rts essen in einem Restaurant, in dem sich mehrere Parteien abwechselnd einen Tisch teilen \u2013 jeden Tag kann der Tisch dreimal verkauft werden. Ich kann die Pizzen aus der Speisekarte in definierten grossen Gr\u00f6ssen w\u00e4hlen. Wenn ich ein Rezept liefere, wird auch diese Pizza f\u00fcr mich nach meinen W\u00fcnschen belegt und gebacken.<\/em><\/p>\n\n\n\n<p>Mehr Infos zu Frontline hier: Mehr Infos zu Frontline dedicated hier: <a href=\"https:\/\/learn.microsoft.com\/en-us\/windows-365\/enterprise\/introduction-windows-365-frontline#windows-365-frontline-in-dedicated-mode\" target=\"_blank\" rel=\"noreferrer noopener\">https:\/\/learn.microsoft.com\/en-us\/windows-365\/enterprise\/introduction-windows-365-frontline#windows-365-frontline-in-dedicated-mode<\/a><br><br><\/p>\n\n\n\n<h4 class=\"wp-block-heading\"><strong>Windows 365 Frontline (Shared)<\/strong><\/h4>\n\n\n\n<ul class=\"wp-block-list\">\n<li>Mehrere Benutzer teilen sich denselben Cloud\u2011PC<\/li>\n\n\n\n<li>Speziell f\u00fcr Umgebungen mit geteilten Arbeitspl\u00e4tzen (z.\u202fB. Callcenter)<\/li>\n\n\n\n<li>Kosteneffiziente Nutzung, da keine dedizierte Maschine pro Benutzer n\u00f6tig<\/li>\n\n\n\n<li>Ressourcen werden dynamisch zugewiesen<\/li>\n<\/ul>\n\n\n\n<p><\/p>\n\n\n\n<p><em>\ud83c\udf55 Im <strong>Pizza\u2011Modell <\/strong>w\u00fcrde ich sagen: Das ist wie ausw\u00e4rts essen in einem Restaurant, in dem sich mehrere Parteien abwechselnd einen Tisch teilen \u2013 jeden Tag kann der Tisch dreimal verkauft werden. Die verschiedenen Parteien m\u00fcssen alle dieselbe Pizza in der gleichen grossen Gr\u00f6sse essen. Ich kann die Pizzen aus der Speisekarte in definierten grossen Gr\u00f6ssen w\u00e4hlen. Wenn ich ein Rezept liefere, wird auch diese Pizza f\u00fcr mich nach meinen W\u00fcnschen belegt und gebacken.<\/em><\/p>\n\n\n\n<p>Mehr Infos zu Frontline shared hier: <a href=\"https:\/\/learn.microsoft.com\/en-us\/windows-365\/enterprise\/introduction-windows-365-frontline#windows-365-frontline-in-shared-mode-preview\" target=\"_blank\" rel=\"noreferrer noopener\">https:\/\/learn.microsoft.com\/en-us\/windows-365\/enterprise\/introduction-windows-365-frontline#windows-365-frontline-in-shared-mode-preview<\/a><br><br><\/p>\n\n\n\n<h4 class=\"wp-block-heading\"><strong>AVD (Azure Virtual Desktop) Single Session<\/strong><\/h4>\n\n\n\n<ul class=\"wp-block-list\">\n<li>Jeder Benutzer hat eine eigene VM (\u00e4hnlich wie bei Windows 365, aber flexibler)<\/li>\n\n\n\n<li>Unterst\u00fctzung f\u00fcr verschiedene VM-SKUs (angepasste Leistung)<\/li>\n\n\n\n<li>Verwaltung \u00fcber Azure Resource Manager, nicht Intune<\/li>\n\n\n\n<li>Lizenzierung \u00fcber bestehende Microsoft 365 Lizenzen oder separate Windows-Lizenzen<\/li>\n<\/ul>\n\n\n\n<p><em>\ud83c\udf55<\/em> <em>Im Pizza\u2011Modell w\u00fcrde ich sagen: Das ist wie ausw\u00e4rts essen in einem Restaurant, das immer Platz f\u00fcr mich hat \u2013 ich kann bestimmen, wie der Tisch gedeckt ist und wie gross er sein soll. Auch bei der Pizza bin ich flexibler: Sie muss nicht zwingend rund sein, ich kann sie auch viereckig machen. Wenn ich mich dumm anstelle, wird die Pizza extrem teuer und ich kann sie gar nicht mehr vollst\u00e4ndig essen \u2013 oder sie ist so klein, dass ich weiter Hunger habe.<\/em><br><br><\/p>\n\n\n\n<h4 class=\"wp-block-heading\"><strong>AVD (Azure Virtual Desktop) Multi Session<\/strong><\/h4>\n\n\n\n<ul class=\"wp-block-list\">\n<li>Mehrere Benutzer teilen sich eine einzige VM (Windows 10\/11 Multi Session)<\/li>\n\n\n\n<li>Ideal f\u00fcr Unternehmen mit vielen gleichzeitigen Nutzern (z.\u202fB. Remote-Arbeitspl\u00e4tze)<\/li>\n\n\n\n<li>Ressourcen werden flexibel zwischen den Benutzern aufgeteilt<\/li>\n\n\n\n<li>Kosteneffizienter als Single Session, da weniger VMs n\u00f6tig werden<\/li>\n<\/ul>\n\n\n\n<p><em>\ud83c\udf55<\/em> <em>\u00c4hnlich wie bei AVD Single Session, aber ich kann auch mehrere Personen gleichzeitig von einer Pizza essen lassen \u2013 so kann ich effizient eine Pizza herstellen. Der Pizzaiolo muss dann nur eine Pizza backen und wir brauchen nur einen Tisch, aber acht Leute werden satt. Es m\u00fcssen aber alle acht dieselbe Pizza-Art essen. Ich kann viele Tische mit 8 Personen die gemeinsam eine Pizza essen machen. Ich habe viele Anpassungsm\u00f6glichkeiten f\u00fcr das lokal und die Tische.  <\/em><br><br>Mehr Infos zu AVD MultiSession hier: <a href=\"https:\/\/learn.microsoft.com\/en-us\/mem\/intune\/fundamentals\/azure-virtual-desktop-multi-session\" target=\"_blank\" rel=\"noreferrer noopener\">https:\/\/learn.microsoft.com\/en-us\/mem\/intune\/fundamentals\/azure-virtual-desktop-multi-session<\/a><\/p>\n\n\n\n<p>Also gut, und was ist nun das Richtige? Das kommt nun eben ganz auf die Bed\u00fcrfnisse an \u2013 es gibt keine falsche L\u00f6sung, vielleicht passt die L\u00f6sung einfach nicht zu dem Problem, aka Herausforderung oder Use Case.<\/p>\n\n\n\n<p>Ich werde in den n\u00e4chsten Wochen und Monaten wohl die flexibleren L\u00f6sungen mit Azure Virtual Desktop in den Auspr\u00e4gungen Single Session und Multi Session anschauen, und ich bin sicher, dass ich auch hier noch vor einigen Entscheidungen stehe &#8230;<\/p>\n","protected":false},"excerpt":{"rendered":"<p>Aktuell stellt sich f\u00fcr immer mehr Firmen die Frage, ob sie weiterhin traditionell ihre VDI on\u2011premises zur Verf\u00fcgung stellen oder ob diese zuk\u00fcnftig aus der Cloud bereitgestellt werden sollten.Die EUC\u2011Welt ist im Umbruch, und es gibt heute weit mehr ernstzunehmende Alternativen als nur ein oder zwei grosse, etablierte Hersteller. Oder vielleicht ist das auch meine [&hellip;]<\/p>\n","protected":false},"author":1,"featured_media":0,"comment_status":"open","ping_status":"open","sticky":false,"template":"","format":"standard","meta":{"footnotes":""},"categories":[4,5],"tags":[76,77,78,80,79],"class_list":["post-2246","post","type-post","status-publish","format-standard","hentry","category-design","category-guide","tag-avd","tag-azure","tag-microsoft","tag-pizza","tag-windows365"],"translation":{"provider":"WPGlobus","version":"3.0.2","language":"de","enabled_languages":["en","de"],"languages":{"en":{"title":true,"content":true,"excerpt":false},"de":{"title":true,"content":true,"excerpt":false}}},"jetpack_featured_media_url":"","_links":{"self":[{"href":"https:\/\/blog.sachathomet.ch\/de\/wp-json\/wp\/v2\/posts\/2246","targetHints":{"allow":["GET"]}}],"collection":[{"href":"https:\/\/blog.sachathomet.ch\/de\/wp-json\/wp\/v2\/posts"}],"about":[{"href":"https:\/\/blog.sachathomet.ch\/de\/wp-json\/wp\/v2\/types\/post"}],"author":[{"embeddable":true,"href":"https:\/\/blog.sachathomet.ch\/de\/wp-json\/wp\/v2\/users\/1"}],"replies":[{"embeddable":true,"href":"https:\/\/blog.sachathomet.ch\/de\/wp-json\/wp\/v2\/comments?post=2246"}],"version-history":[{"count":59,"href":"https:\/\/blog.sachathomet.ch\/de\/wp-json\/wp\/v2\/posts\/2246\/revisions"}],"predecessor-version":[{"id":2334,"href":"https:\/\/blog.sachathomet.ch\/de\/wp-json\/wp\/v2\/posts\/2246\/revisions\/2334"}],"wp:attachment":[{"href":"https:\/\/blog.sachathomet.ch\/de\/wp-json\/wp\/v2\/media?parent=2246"}],"wp:term":[{"taxonomy":"category","embeddable":true,"href":"https:\/\/blog.sachathomet.ch\/de\/wp-json\/wp\/v2\/categories?post=2246"},{"taxonomy":"post_tag","embeddable":true,"href":"https:\/\/blog.sachathomet.ch\/de\/wp-json\/wp\/v2\/tags?post=2246"}],"curies":[{"name":"wp","href":"https:\/\/api.w.org\/{rel}","templated":true}]}}